{"id":791,"date":"2022-12-04T11:38:04","date_gmt":"2022-12-04T11:38:04","guid":{"rendered":"https:\/\/mht-bau.de\/?p=791"},"modified":"2023-02-19T15:09:07","modified_gmt":"2023-02-19T15:09:07","slug":"creaton-ladt-ein","status":"publish","type":"post","link":"https:\/\/mht-bau.de\/index.php\/2022\/12\/04\/creaton-ladt-ein\/","title":{"rendered":"Creaton l\u00e4dt ein&#8230;"},"content":{"rendered":"\n<p>Als Mitglied des PV-Expertennetzwerkes der Firma Creaton war die Teilnahme beim PV- Expertentag und Zukunftstag f\u00fcr uns eine Pflicht. <\/p>\n\n\n\n<p><strong>Die beiden Tage boten uns spannende Einblicke in die Zukunft der Dachbranche. Neben Themen wie Photovoltaikanlagen und Nachhaltigkeit standen ebenso Digitalisierung und Nachwuchsgewinnung auf dem Programm.<\/strong><\/p>\n\n\n\n<p>Geflasht von der guten Organisation und den vielen guten Vortr\u00e4gen ging es f\u00fcr uns anschlie\u00dfend nach Hause. Wir sagen Danke an Creaton!<\/p>\n\n\n\n<figure class=\"wp-block-image size-large\"><img loading=\"lazy\" decoding=\"async\" width=\"1024\" height=\"359\" src=\"https:\/\/mht-bau.de\/wp-content\/uploads\/2022\/12\/PV-Expertentag-1024x359.png\" alt=\"\" class=\"wp-image-792\" srcset=\"https:\/\/mht-bau.de\/wp-content\/uploads\/2022\/12\/PV-Expertentag-1024x359.png 1024w, https:\/\/mht-bau.de\/wp-content\/uploads\/2022\/12\/PV-Expertentag-300x105.png 300w, https:\/\/mht-bau.de\/wp-content\/uploads\/2022\/12\/PV-Expertentag-768x269.png 768w, https:\/\/mht-bau.de\/wp-content\/uploads\/2022\/12\/PV-Expertentag-1536x538.png 1536w, https:\/\/mht-bau.de\/wp-content\/uploads\/2022\/12\/PV-Expertentag-2048x718.png 2048w\" sizes=\"auto, (max-width: 1024px) 100vw, 1024px\" \/><figcaption class=\"wp-element-caption\">copyrights by creaton.de<\/figcaption><\/figure>\n","protected":false},"excerpt":{"rendered":"<p>Als Mitglied des PV-Expertennetzwerkes der Firma Creaton war die Teilnahme beim PV- Expertentag und Zukunftstag f\u00fcr uns eine Pflicht. Die beiden Tage boten uns spannende Einblicke in die Zukunft der Dachbranche. Neben Themen wie Photovoltaikanlagen und Nachhaltigkeit standen ebenso Digitalisierung und Nachwuchsgewinnung auf dem Programm. Geflasht von der guten Organisation und den vielen guten Vortr\u00e4gen [&hellip;]<\/p>\n","protected":false},"author":1,"featured_media":0,"comment_status":"closed","ping_status":"open","sticky":false,"template":"","format":"standard","meta":{"footnotes":""},"categories":[1],"tags":[],"class_list":["post-791","post","type-post","status-publish","format-standard","hentry","category-neuigkeiten"],"_links":{"self":[{"href":"https:\/\/mht-bau.de\/index.php\/wp-json\/wp\/v2\/posts\/791","targetHints":{"allow":["GET"]}}],"collection":[{"href":"https:\/\/mht-bau.de\/index.php\/wp-json\/wp\/v2\/posts"}],"about":[{"href":"https:\/\/mht-bau.de\/index.php\/wp-json\/wp\/v2\/types\/post"}],"author":[{"embeddable":true,"href":"https:\/\/mht-bau.de\/index.php\/wp-json\/wp\/v2\/users\/1"}],"replies":[{"embeddable":true,"href":"https:\/\/mht-bau.de\/index.php\/wp-json\/wp\/v2\/comments?post=791"}],"version-history":[{"count":1,"href":"https:\/\/mht-bau.de\/index.php\/wp-json\/wp\/v2\/posts\/791\/revisions"}],"predecessor-version":[{"id":793,"href":"https:\/\/mht-bau.de\/index.php\/wp-json\/wp\/v2\/posts\/791\/revisions\/793"}],"wp:attachment":[{"href":"https:\/\/mht-bau.de\/index.php\/wp-json\/wp\/v2\/media?parent=791"}],"wp:term":[{"taxonomy":"category","embeddable":true,"href":"https:\/\/mht-bau.de\/index.php\/wp-json\/wp\/v2\/categories?post=791"},{"taxonomy":"post_tag","embeddable":true,"href":"https:\/\/mht-bau.de\/index.php\/wp-json\/wp\/v2\/tags?post=791"}],"curies":[{"name":"wp","href":"https:\/\/api.w.org\/{rel}","templated":true}]}}